{"id":13068,"date":"2022-09-06T10:22:23","date_gmt":"2022-09-06T10:22:23","guid":{"rendered":"https:\/\/www.centrocliniconemo.it\/blog\/anima-libera-progetto-vela-nemo-napoli"},"modified":"2023-07-19T11:32:53","modified_gmt":"2023-07-19T11:32:53","slug":"anima-libera-progetto-vela-nemo-napoli","status":"publish","type":"post","link":"https:\/\/www.centrocliniconemo.it\/en\/blog\/anima-libera-progetto-vela-nemo-napoli\/","title":{"rendered":"Centro Nemo Napoli E Il Progetto &#8220;Anima Libera&#8221;"},"content":{"rendered":"<h3 style=\"text-align: justify;\"><i>La barca a vela per supportare la presa in carico delle persone con malattie neuromuscolari<span>&nbsp;<\/span><\/i><\/h3>\n<p style=\"text-align: justify;\"><span><strong>6 settembre 2022&nbsp;<\/strong><\/span>\u2013 Quando il sapore del mare si unisce al desiderio di scoprire, nascono percorsi nuovi come il <strong>progetto in barca a vela \u201cAnima Libera\u201d,<\/strong> <strong>che ha preso il largo oggi<\/strong> <strong>dal molo di Napoli.<span>&nbsp;<\/span><\/strong><\/p>\n<p><!--more--><img decoding=\"async\" src=\"https:\/\/www.centrocliniconemo.it\/wp-content\/uploads\/2023\/05\/anima-libera-centro-nemo-napoli-Taglio-del-nastro-scaled-1.jpeg\" alt=\"anima libera centro nemo napoli - Taglio del nastro\" width=\"6016\" loading=\"lazy\" style=\"width: 6016px;\"><\/p>\n<p style=\"text-align: justify;\"><strong>Un\u2019esperienza dedicata alle persone con malattie neuromuscolari<\/strong>, come la SLA, la SMA e le distrofie muscolari, promossa dal <a href=\"https:\/\/centrocliniconemo.it\/sedi\/napoli\/\" rel=\"noopener\" target=\"_blank\"><strong>Centro Clinico NeMO Napoli<\/strong><\/a>, attivo dal 2020 presso l\u2019Ospedale Monaldi, in collaborazione con il <a href=\"https:\/\/www.clubnauticodellavela.it\" rel=\"noopener\" target=\"_blank\"><strong>Club Nautico della Vela della citt\u00e0 <\/strong><\/a>e <a href=\"https:\/\/nemolab.it\/\" rel=\"noopener\" target=\"_blank\"><strong>NeMO Lab Srl<\/strong><\/a>, con il patrocinio del <a href=\"https:\/\/www.ospedalideicolli.it\/malattie-rare-campania\/\" rel=\"noopener\" target=\"_blank\"><strong>Centro Coordinamento malattie rare di Regione Campania<\/strong><\/a>, di <a href=\"http:\/\/aisla.it\" rel=\"noopener\" target=\"_blank\"><strong>AISLA Onlus<\/strong><\/a>, <a href=\"https:\/\/www.famigliesma.org\/\" rel=\"noopener\" target=\"_blank\"><strong>Famiglie SMA<\/strong><\/a> e <a href=\"https:\/\/www.uildm.org\" rel=\"noopener\" target=\"_blank\"><strong>UILDM<\/strong><\/a>, associazioni dei pazienti e al fianco da sempre del network dei sette Centri NeMO in Italia, in qualit\u00e0 di Soci.<\/p>\n<p style=\"text-align: justify;\"><strong>Un primo progetto pilota pensato per affiancare la presa in carico psicologica e riabilitativa dei pazienti del Centro NeMO<\/strong> <strong>attraverso una nuova modalit\u00e0 esperienziale che ha come protagonista il prendersi cura di se stessi<\/strong>, facendosi trasportare dalle onde e dal vento. <strong>Quattro uscite in barca a vela con un\u2019altura di 14 metri e attrezzata per il trasporto di un gruppo di otto persone con disabilit\u00e0 motoria<\/strong>; <strong>le uscite in mare saranno curate da istruttori della Federazione Italiana Vela <\/strong>che garantiranno la sicurezza e un <strong>team clinico<\/strong> monitorer\u00e0 i protagonisti dal punto vista psicologico e funzionale: sono queste <strong>le condizioni che daranno la possibilit\u00e0 di realizzare l\u2019esperienza, unite all\u2019amore per il mare e al desiderio di mettersi in gioco di coloro che vi aderiranno.<\/strong><\/p>\n<p style=\"text-align: justify;\">\u201c<i>Il progetto vuole gettare le basi per pensare a nuovi percorsi che mirino a sviluppare benessere per la persona con malattia neuromuscolare, affiancando la presa in carico clinica e riabilitativa in reparto &#8211; <\/i>spiega il direttore scientifico del Centro Clinico NeMO Napoli, <strong>Giuseppe Limongelli<\/strong> \u2013<i> A partire dal desiderio di vivere con protagonismo il proprio progetto di vita, l\u2019esperienza vuole diventare un primo laboratorio di ricerca sul campo con la collaborazione dei pazienti che vi parteciperanno, attraverso la valorizzazione del nostro territorio\u201d.<\/i><\/p>\n<p style=\"text-align: justify;\"><i><img decoding=\"async\" src=\"https:\/\/www.centrocliniconemo.it\/wp-content\/uploads\/2023\/05\/anima-libera-centro-nemo-napoli-La-salita-in-barca-a-vela-scaled-1.jpg\" alt=\"anima libera centro nemo napoli - La salita in barca a vela\" width=\"4000\" loading=\"lazy\" style=\"width: 4000px;\"><\/i><\/p>\n<p style=\"text-align: justify;\"><strong>I beneficiari<\/strong>, infatti, individuati secondo parametri clinici che permettano di affrontare in sicurezza il mare aperto, <strong>saranno convolti<\/strong> nel condividere il loro vissuto, <strong>attraverso strumenti di indagine psicologica<\/strong> <strong>che valuteranno<\/strong> <strong>l\u2019impatto dell\u2019esperienza, <\/strong>somministrati prima e dopo il percorso. Inoltre, verr\u00e0 monitorato lo stato di salute dei partecipanti, con un focus particolare sulla funzione respiratoria e cardiaca.<span>&nbsp;<\/span><\/p>\n<p style=\"text-align: justify;\"><i>\u201cSappiamo che la vela permette di attivare meccanismi che stimolano la positivit\u00e0, la creativit\u00e0, la conoscenza di s\u00e9 e delle proprie possibilit\u00e0 e favoriscono il tono dell\u2019umore &#8211; <\/i>spiega <strong>Simona Tozza<\/strong>, responsabile del servizio di psicologia del Centro NeMO Napoli \u2013<i>Ecco perch\u00e9 il percorso esperienziale vuole creare nel gruppo dei partecipanti quelli che vengono definiti gli \u201cancoraggi psicologici\u201d, per contribuire in modo positivo a migliorare la qualit\u00e0 di vita personale e sociale e a far continuare a pensare a prospettive di futuro, nonostante la malattia\u201d.<span>&nbsp;<\/span><\/i><\/p>\n<p style=\"text-align: justify;\"><i>\u201cLa presa in carico dei pazienti affetti da malattie neuromuscolari non pu\u00f2 prescindere assolutamente dall\u2019aspetto umano &#8211; <\/i>dichiara <strong>Anna Iervolino<\/strong>, direttore generale dell\u2019Azienda Ospedaliera dei Colli &#8211; <i>Curare la patologia vuol dire anche contribuire a migliorare la qualit\u00e0 della vita e, grazie al lavoro di squadra di tutto il personale coinvolto e degli istruttori della Federazione Italiana Vela, \u00e8 stato possibile regalare un\u2019esperienza unica ai pazienti. Dal 2020, con una sperimentazione gestionale, \u00e8 attivo presso l\u2019Ospedale Monaldi di Napoli, il centro clinico NeMO, che fa dell\u2019approccio multidisciplinare il suo punto di forza. Il progetto pilota di velaterapia, che oggi prende il via, sposa in pieno la mission del Centro e quella dell\u2019Azienda Ospedaliera\u201d.<span>&nbsp;<\/span><\/i><\/p>\n<p style=\"text-align: justify;\">Il mare, dunque, culla e artefice degli obiettivi del progetto, insieme all\u2019impegno e all\u2019entusiasmo di chi ha raccolto da subito la sfida, come <strong>il Club Nautico della Vela,<\/strong> <strong>nel cuore del Borgo dei Marinari ai piedi del Forte Ovo<\/strong> che, in pi\u00f9 di 100 anni di attivit\u00e0, ha portato alla costituzione di un fulcro unico in campo velico per competenza ed esperienza, con l\u2019obiettivo di far avvicinare giovani e adulti al mare attraverso momenti educativi, culturali e formativi. La squadra ha sposato il progetto perch\u00e9 incarna lo spirito di chi vive il mare, consapevole che quando si \u00e8 in barca a vela si vive sempre una piccola o grande avventura. Il velista esperto, infatti, sa che l&#8217;uomo pu\u00f2 solo adattarsi agli elementi, perch\u00e9 in mare non conta la forza fisica ma l&#8217;intelligenza e la vela rappresenta proprio la capacit\u00e0 di conoscere e valorizzare le forze della natura per raggiungere la meta.<span>&nbsp; &nbsp;<\/span><\/p>\n<p style=\"text-align: justify;\"><span><img decoding=\"async\" src=\"https:\/\/www.centrocliniconemo.it\/wp-content\/uploads\/2023\/05\/anima-libera-centro-nemo-napoli-Team-clinico_Associazioni-pazienti_Partecipanti_Club-nautico-e-sostenitori-scaled-1.jpeg\" alt=\"anima libera centro nemo napoli - Team clinico_Associazioni pazienti_Partecipanti_Club nautico e sostenitori\" width=\"760\" loading=\"lazy\" style=\"width: 760px;\"><\/span><\/p>\n<p style=\"text-align: justify;\">Alla luce degli obiettivi scientifici e sociali, il progetto pilota gode anche del contributo non condizionato di <strong><a href=\"https:\/\/www.roche.it\" rel=\"noopener\" target=\"_blank\">ROCHE ITALIA<\/a>, <a href=\"https:\/\/www.ptcbio.it\" rel=\"noopener\" target=\"_blank\">PTC Therapeutics<\/a>, <a href=\"https:\/\/www.biogenitalia.it\" rel=\"noopener\" target=\"_blank\">Biogen<\/a>, <a href=\"https:\/\/www.vitalaire.it\" rel=\"noopener\" target=\"_blank\">VitalAire Italia<\/a> e <a href=\"https:\/\/ortopediaruggiero.it\" rel=\"noopener\" target=\"_blank\">Ortopedia Ruggiero<\/a>.<span>&nbsp;<\/span><\/strong><\/p>\n<p style=\"text-align: justify;\">Un programma di 4 appuntamenti dalle ore 14:00 alle 17:00, a cadenza settimanale: oltre alla prima uscita di oggi, il calendario prevede le date del 15, 22 e 29 settembre, salvo previsioni metereologiche non idonee. In quelle giornate, nell\u2019area portuale della citt\u00e0, si potr\u00e0 vedere la barca di \u201cAnima Libera\u201d spiegare le vele, con il suo messaggio di possibilit\u00e0 infinite, come infinito \u00e8 il mare. Per informazioni e dettagli sul progetto <span><a href=\"mailto:infonemonapoli@centrocliniconemo.it\">infonemonapoli@centrocliniconemo.it<\/a><a href=\"mailto:infonemonapoli@centrocliniconemo.it\"><\/a><\/span><\/p>\n<p style=\"text-align: justify;\"><span><img decoding=\"async\" src=\"https:\/\/www.centrocliniconemo.it\/wp-content\/uploads\/2023\/05\/ANIMA-LIBERA-A3.png\" alt=\"ANIMA LIBERA - A3\" width=\"1414\" loading=\"lazy\" style=\"width: 1414px;\"><\/span><\/p>\n<p>&nbsp;<\/p>\n","protected":false},"excerpt":{"rendered":"<p>6 settembre 2022\u00a0\u2013 Quando il sapore del mare si unisce al desiderio di scoprire, nascono percorsi nuovi come il progetto in barca a vela &#8220;Anima Libera&#8221;, che ha preso il largo oggi dal molo di Napoli.\u00a0<\/p>\n","protected":false},"author":2,"featured_media":5983,"comment_status":"closed","ping_status":"closed","sticky":false,"template":"","format":"standard","meta":{"pgc_sgb_lightbox_settings":"","footnotes":""},"categories":[17],"tags":[30],"class_list":["post-13068","post","type-post","status-publish","format-standard","has-post-thumbnail","hentry","category-iniziative-ed-eventi","tag-nemo-napoli"],"yoast_head":"<!-- This site is optimized with the Yoast SEO plugin v27.4 - https:\/\/yoast.com\/product\/yoast-seo-wordpress\/ -->\n<title>Centro Nemo Napoli E Il Progetto &quot;Anima Libera&quot; - Centro Clinico NeMO<\/title>\n<meta name=\"robots\" content=\"index, follow, max-snippet:-1, max-image-preview:large, max-video-preview:-1\" \/>\n<link rel=\"canonical\" href=\"https:\/\/www.centrocliniconemo.it\/en\/blog\/anima-libera-progetto-vela-nemo-napoli\/\" \/>\n<meta property=\"og:locale\" content=\"en_US\" \/>\n<meta property=\"og:type\" content=\"article\" \/>\n<meta property=\"og:title\" content=\"Centro Nemo Napoli E Il Progetto &quot;Anima Libera&quot; - Centro Clinico NeMO\" \/>\n<meta property=\"og:description\" content=\"6 settembre 2022\u00a0\u2013 Quando il sapore del mare si unisce al desiderio di scoprire, nascono percorsi nuovi come il progetto in barca a vela &quot;Anima Libera&quot;, che ha preso il largo oggi dal molo di Napoli.\u00a0\" \/>\n<meta property=\"og:url\" content=\"https:\/\/www.centrocliniconemo.it\/en\/blog\/anima-libera-progetto-vela-nemo-napoli\/\" \/>\n<meta property=\"og:site_name\" content=\"Centro Clinico NeMO\" \/>\n<meta property=\"article:publisher\" content=\"https:\/\/www.facebook.com\/CentroNEMOItalia\" \/>\n<meta property=\"article:published_time\" content=\"2022-09-06T10:22:23+00:00\" \/>\n<meta property=\"article:modified_time\" content=\"2023-07-19T11:32:53+00:00\" \/>\n<meta property=\"og:image\" content=\"https:\/\/www.centrocliniconemo.it\/wp-content\/uploads\/2023\/05\/anima-libera-centro-nemo-napoli-Team-clinico_Associazioni-pazienti_Partecipanti_Club-nautico-e-sostenitori-scaled-1.jpeg\" \/>\n\t<meta property=\"og:image:width\" content=\"2560\" \/>\n\t<meta property=\"og:image:height\" content=\"800\" \/>\n\t<meta property=\"og:image:type\" content=\"image\/jpeg\" \/>\n<meta name=\"author\" content=\"Luca Biondi\" \/>\n<meta name=\"twitter:card\" content=\"summary_large_image\" \/>\n<meta name=\"twitter:creator\" content=\"@CentroNemo\" \/>\n<meta name=\"twitter:site\" content=\"@CentroNemo\" \/>\n<meta name=\"twitter:label1\" content=\"Written by\" \/>\n\t<meta name=\"twitter:data1\" content=\"Luca Biondi\" \/>\n\t<meta name=\"twitter:label2\" content=\"Est. reading time\" \/>\n\t<meta name=\"twitter:data2\" content=\"4 minutes\" \/>\n<script type=\"application\/ld+json\" class=\"yoast-schema-graph\">{\"@context\":\"https:\\\/\\\/schema.org\",\"@graph\":[{\"@type\":\"Article\",\"@id\":\"https:\\\/\\\/www.centrocliniconemo.it\\\/en\\\/blog\\\/anima-libera-progetto-vela-nemo-napoli\\\/#article\",\"isPartOf\":{\"@id\":\"https:\\\/\\\/www.centrocliniconemo.it\\\/en\\\/blog\\\/anima-libera-progetto-vela-nemo-napoli\\\/\"},\"author\":{\"name\":\"Luca Biondi\",\"@id\":\"https:\\\/\\\/www.centrocliniconemo.it\\\/en\\\/#\\\/schema\\\/person\\\/9331a87c0a8ee435c61f5dd498531434\"},\"headline\":\"Centro Nemo Napoli E Il Progetto &#8220;Anima Libera&#8221;\",\"datePublished\":\"2022-09-06T10:22:23+00:00\",\"dateModified\":\"2023-07-19T11:32:53+00:00\",\"mainEntityOfPage\":{\"@id\":\"https:\\\/\\\/www.centrocliniconemo.it\\\/en\\\/blog\\\/anima-libera-progetto-vela-nemo-napoli\\\/\"},\"wordCount\":864,\"publisher\":{\"@id\":\"https:\\\/\\\/www.centrocliniconemo.it\\\/en\\\/#organization\"},\"image\":{\"@id\":\"https:\\\/\\\/www.centrocliniconemo.it\\\/en\\\/blog\\\/anima-libera-progetto-vela-nemo-napoli\\\/#primaryimage\"},\"thumbnailUrl\":\"https:\\\/\\\/www.centrocliniconemo.it\\\/wp-content\\\/uploads\\\/2023\\\/05\\\/anima-libera-centro-nemo-napoli-Team-clinico_Associazioni-pazienti_Partecipanti_Club-nautico-e-sostenitori-scaled-1.jpeg\",\"keywords\":[\"NeMO Napoli\"],\"articleSection\":[\"Iniziative ed eventi\"],\"inLanguage\":\"en-US\"},{\"@type\":\"WebPage\",\"@id\":\"https:\\\/\\\/www.centrocliniconemo.it\\\/en\\\/blog\\\/anima-libera-progetto-vela-nemo-napoli\\\/\",\"url\":\"https:\\\/\\\/www.centrocliniconemo.it\\\/en\\\/blog\\\/anima-libera-progetto-vela-nemo-napoli\\\/\",\"name\":\"Centro Nemo Napoli E Il Progetto \\\"Anima Libera\\\" - Centro Clinico NeMO\",\"isPartOf\":{\"@id\":\"https:\\\/\\\/www.centrocliniconemo.it\\\/en\\\/#website\"},\"primaryImageOfPage\":{\"@id\":\"https:\\\/\\\/www.centrocliniconemo.it\\\/en\\\/blog\\\/anima-libera-progetto-vela-nemo-napoli\\\/#primaryimage\"},\"image\":{\"@id\":\"https:\\\/\\\/www.centrocliniconemo.it\\\/en\\\/blog\\\/anima-libera-progetto-vela-nemo-napoli\\\/#primaryimage\"},\"thumbnailUrl\":\"https:\\\/\\\/www.centrocliniconemo.it\\\/wp-content\\\/uploads\\\/2023\\\/05\\\/anima-libera-centro-nemo-napoli-Team-clinico_Associazioni-pazienti_Partecipanti_Club-nautico-e-sostenitori-scaled-1.jpeg\",\"datePublished\":\"2022-09-06T10:22:23+00:00\",\"dateModified\":\"2023-07-19T11:32:53+00:00\",\"breadcrumb\":{\"@id\":\"https:\\\/\\\/www.centrocliniconemo.it\\\/en\\\/blog\\\/anima-libera-progetto-vela-nemo-napoli\\\/#breadcrumb\"},\"inLanguage\":\"en-US\",\"potentialAction\":[{\"@type\":\"ReadAction\",\"target\":[\"https:\\\/\\\/www.centrocliniconemo.it\\\/en\\\/blog\\\/anima-libera-progetto-vela-nemo-napoli\\\/\"]}]},{\"@type\":\"ImageObject\",\"inLanguage\":\"en-US\",\"@id\":\"https:\\\/\\\/www.centrocliniconemo.it\\\/en\\\/blog\\\/anima-libera-progetto-vela-nemo-napoli\\\/#primaryimage\",\"url\":\"https:\\\/\\\/www.centrocliniconemo.it\\\/wp-content\\\/uploads\\\/2023\\\/05\\\/anima-libera-centro-nemo-napoli-Team-clinico_Associazioni-pazienti_Partecipanti_Club-nautico-e-sostenitori-scaled-1.jpeg\",\"contentUrl\":\"https:\\\/\\\/www.centrocliniconemo.it\\\/wp-content\\\/uploads\\\/2023\\\/05\\\/anima-libera-centro-nemo-napoli-Team-clinico_Associazioni-pazienti_Partecipanti_Club-nautico-e-sostenitori-scaled-1.jpeg\",\"width\":2560,\"height\":800},{\"@type\":\"BreadcrumbList\",\"@id\":\"https:\\\/\\\/www.centrocliniconemo.it\\\/en\\\/blog\\\/anima-libera-progetto-vela-nemo-napoli\\\/#breadcrumb\",\"itemListElement\":[{\"@type\":\"ListItem\",\"position\":1,\"name\":\"Home\",\"item\":\"https:\\\/\\\/www.centrocliniconemo.it\\\/en\\\/\"},{\"@type\":\"ListItem\",\"position\":2,\"name\":\"Centro Nemo Napoli E Il Progetto &#8220;Anima Libera&#8221;\"}]},{\"@type\":\"WebSite\",\"@id\":\"https:\\\/\\\/www.centrocliniconemo.it\\\/en\\\/#website\",\"url\":\"https:\\\/\\\/www.centrocliniconemo.it\\\/en\\\/\",\"name\":\"Centro Clinico NeMO\",\"description\":\"Il paziente al centro\",\"publisher\":{\"@id\":\"https:\\\/\\\/www.centrocliniconemo.it\\\/en\\\/#organization\"},\"potentialAction\":[{\"@type\":\"SearchAction\",\"target\":{\"@type\":\"EntryPoint\",\"urlTemplate\":\"https:\\\/\\\/www.centrocliniconemo.it\\\/en\\\/?s={search_term_string}\"},\"query-input\":{\"@type\":\"PropertyValueSpecification\",\"valueRequired\":true,\"valueName\":\"search_term_string\"}}],\"inLanguage\":\"en-US\"},{\"@type\":\"Organization\",\"@id\":\"https:\\\/\\\/www.centrocliniconemo.it\\\/en\\\/#organization\",\"name\":\"Centro Clinico NeMO - Fondazione Serena Onlus\",\"url\":\"https:\\\/\\\/www.centrocliniconemo.it\\\/en\\\/\",\"logo\":{\"@type\":\"ImageObject\",\"inLanguage\":\"en-US\",\"@id\":\"https:\\\/\\\/www.centrocliniconemo.it\\\/en\\\/#\\\/schema\\\/logo\\\/image\\\/\",\"url\":\"https:\\\/\\\/www.centrocliniconemo.it\\\/wp-content\\\/uploads\\\/2023\\\/03\\\/logo-nemo.svg\",\"contentUrl\":\"https:\\\/\\\/www.centrocliniconemo.it\\\/wp-content\\\/uploads\\\/2023\\\/03\\\/logo-nemo.svg\",\"width\":272,\"height\":109.142,\"caption\":\"Centro Clinico NeMO - Fondazione Serena Onlus\"},\"image\":{\"@id\":\"https:\\\/\\\/www.centrocliniconemo.it\\\/en\\\/#\\\/schema\\\/logo\\\/image\\\/\"},\"sameAs\":[\"https:\\\/\\\/www.facebook.com\\\/CentroNEMOItalia\",\"https:\\\/\\\/x.com\\\/CentroNemo\",\"https:\\\/\\\/www.linkedin.com\\\/company\\\/centrocliniconemo\\\/\",\"https:\\\/\\\/www.instagram.com\\\/centrocliniconemo\\\/\"]},{\"@type\":\"Person\",\"@id\":\"https:\\\/\\\/www.centrocliniconemo.it\\\/en\\\/#\\\/schema\\\/person\\\/9331a87c0a8ee435c61f5dd498531434\",\"name\":\"Luca Biondi\",\"image\":{\"@type\":\"ImageObject\",\"inLanguage\":\"en-US\",\"@id\":\"https:\\\/\\\/secure.gravatar.com\\\/avatar\\\/0488b88829885ebcc9896de947265b69d2979e6dc4666b1e2c3d4fbf8dc73d77?s=96&d=mm&r=g\",\"url\":\"https:\\\/\\\/secure.gravatar.com\\\/avatar\\\/0488b88829885ebcc9896de947265b69d2979e6dc4666b1e2c3d4fbf8dc73d77?s=96&d=mm&r=g\",\"contentUrl\":\"https:\\\/\\\/secure.gravatar.com\\\/avatar\\\/0488b88829885ebcc9896de947265b69d2979e6dc4666b1e2c3d4fbf8dc73d77?s=96&d=mm&r=g\",\"caption\":\"Luca Biondi\"}}]}<\/script>\n<!-- \/ Yoast SEO plugin. -->","yoast_head_json":{"title":"Centro Nemo Napoli E Il Progetto \"Anima Libera\" - Centro Clinico NeMO","robots":{"index":"index","follow":"follow","max-snippet":"max-snippet:-1","max-image-preview":"max-image-preview:large","max-video-preview":"max-video-preview:-1"},"canonical":"https:\/\/www.centrocliniconemo.it\/en\/blog\/anima-libera-progetto-vela-nemo-napoli\/","og_locale":"en_US","og_type":"article","og_title":"Centro Nemo Napoli E Il Progetto \"Anima Libera\" - Centro Clinico NeMO","og_description":"6 settembre 2022\u00a0\u2013 Quando il sapore del mare si unisce al desiderio di scoprire, nascono percorsi nuovi come il progetto in barca a vela \"Anima Libera\", che ha preso il largo oggi dal molo di Napoli.\u00a0","og_url":"https:\/\/www.centrocliniconemo.it\/en\/blog\/anima-libera-progetto-vela-nemo-napoli\/","og_site_name":"Centro Clinico NeMO","article_publisher":"https:\/\/www.facebook.com\/CentroNEMOItalia","article_published_time":"2022-09-06T10:22:23+00:00","article_modified_time":"2023-07-19T11:32:53+00:00","og_image":[{"width":2560,"height":800,"url":"https:\/\/www.centrocliniconemo.it\/wp-content\/uploads\/2023\/05\/anima-libera-centro-nemo-napoli-Team-clinico_Associazioni-pazienti_Partecipanti_Club-nautico-e-sostenitori-scaled-1.jpeg","type":"image\/jpeg"}],"author":"Luca Biondi","twitter_card":"summary_large_image","twitter_creator":"@CentroNemo","twitter_site":"@CentroNemo","twitter_misc":{"Written by":"Luca Biondi","Est. reading time":"4 minutes"},"schema":{"@context":"https:\/\/schema.org","@graph":[{"@type":"Article","@id":"https:\/\/www.centrocliniconemo.it\/en\/blog\/anima-libera-progetto-vela-nemo-napoli\/#article","isPartOf":{"@id":"https:\/\/www.centrocliniconemo.it\/en\/blog\/anima-libera-progetto-vela-nemo-napoli\/"},"author":{"name":"Luca Biondi","@id":"https:\/\/www.centrocliniconemo.it\/en\/#\/schema\/person\/9331a87c0a8ee435c61f5dd498531434"},"headline":"Centro Nemo Napoli E Il Progetto &#8220;Anima Libera&#8221;","datePublished":"2022-09-06T10:22:23+00:00","dateModified":"2023-07-19T11:32:53+00:00","mainEntityOfPage":{"@id":"https:\/\/www.centrocliniconemo.it\/en\/blog\/anima-libera-progetto-vela-nemo-napoli\/"},"wordCount":864,"publisher":{"@id":"https:\/\/www.centrocliniconemo.it\/en\/#organization"},"image":{"@id":"https:\/\/www.centrocliniconemo.it\/en\/blog\/anima-libera-progetto-vela-nemo-napoli\/#primaryimage"},"thumbnailUrl":"https:\/\/www.centrocliniconemo.it\/wp-content\/uploads\/2023\/05\/anima-libera-centro-nemo-napoli-Team-clinico_Associazioni-pazienti_Partecipanti_Club-nautico-e-sostenitori-scaled-1.jpeg","keywords":["NeMO Napoli"],"articleSection":["Iniziative ed eventi"],"inLanguage":"en-US"},{"@type":"WebPage","@id":"https:\/\/www.centrocliniconemo.it\/en\/blog\/anima-libera-progetto-vela-nemo-napoli\/","url":"https:\/\/www.centrocliniconemo.it\/en\/blog\/anima-libera-progetto-vela-nemo-napoli\/","name":"Centro Nemo Napoli E Il Progetto \"Anima Libera\" - Centro Clinico NeMO","isPartOf":{"@id":"https:\/\/www.centrocliniconemo.it\/en\/#website"},"primaryImageOfPage":{"@id":"https:\/\/www.centrocliniconemo.it\/en\/blog\/anima-libera-progetto-vela-nemo-napoli\/#primaryimage"},"image":{"@id":"https:\/\/www.centrocliniconemo.it\/en\/blog\/anima-libera-progetto-vela-nemo-napoli\/#primaryimage"},"thumbnailUrl":"https:\/\/www.centrocliniconemo.it\/wp-content\/uploads\/2023\/05\/anima-libera-centro-nemo-napoli-Team-clinico_Associazioni-pazienti_Partecipanti_Club-nautico-e-sostenitori-scaled-1.jpeg","datePublished":"2022-09-06T10:22:23+00:00","dateModified":"2023-07-19T11:32:53+00:00","breadcrumb":{"@id":"https:\/\/www.centrocliniconemo.it\/en\/blog\/anima-libera-progetto-vela-nemo-napoli\/#breadcrumb"},"inLanguage":"en-US","potentialAction":[{"@type":"ReadAction","target":["https:\/\/www.centrocliniconemo.it\/en\/blog\/anima-libera-progetto-vela-nemo-napoli\/"]}]},{"@type":"ImageObject","inLanguage":"en-US","@id":"https:\/\/www.centrocliniconemo.it\/en\/blog\/anima-libera-progetto-vela-nemo-napoli\/#primaryimage","url":"https:\/\/www.centrocliniconemo.it\/wp-content\/uploads\/2023\/05\/anima-libera-centro-nemo-napoli-Team-clinico_Associazioni-pazienti_Partecipanti_Club-nautico-e-sostenitori-scaled-1.jpeg","contentUrl":"https:\/\/www.centrocliniconemo.it\/wp-content\/uploads\/2023\/05\/anima-libera-centro-nemo-napoli-Team-clinico_Associazioni-pazienti_Partecipanti_Club-nautico-e-sostenitori-scaled-1.jpeg","width":2560,"height":800},{"@type":"BreadcrumbList","@id":"https:\/\/www.centrocliniconemo.it\/en\/blog\/anima-libera-progetto-vela-nemo-napoli\/#breadcrumb","itemListElement":[{"@type":"ListItem","position":1,"name":"Home","item":"https:\/\/www.centrocliniconemo.it\/en\/"},{"@type":"ListItem","position":2,"name":"Centro Nemo Napoli E Il Progetto &#8220;Anima Libera&#8221;"}]},{"@type":"WebSite","@id":"https:\/\/www.centrocliniconemo.it\/en\/#website","url":"https:\/\/www.centrocliniconemo.it\/en\/","name":"Centro Clinico NeMO","description":"Il paziente al centro","publisher":{"@id":"https:\/\/www.centrocliniconemo.it\/en\/#organization"},"potentialAction":[{"@type":"SearchAction","target":{"@type":"EntryPoint","urlTemplate":"https:\/\/www.centrocliniconemo.it\/en\/?s={search_term_string}"},"query-input":{"@type":"PropertyValueSpecification","valueRequired":true,"valueName":"search_term_string"}}],"inLanguage":"en-US"},{"@type":"Organization","@id":"https:\/\/www.centrocliniconemo.it\/en\/#organization","name":"Centro Clinico NeMO - Fondazione Serena Onlus","url":"https:\/\/www.centrocliniconemo.it\/en\/","logo":{"@type":"ImageObject","inLanguage":"en-US","@id":"https:\/\/www.centrocliniconemo.it\/en\/#\/schema\/logo\/image\/","url":"https:\/\/www.centrocliniconemo.it\/wp-content\/uploads\/2023\/03\/logo-nemo.svg","contentUrl":"https:\/\/www.centrocliniconemo.it\/wp-content\/uploads\/2023\/03\/logo-nemo.svg","width":272,"height":109.142,"caption":"Centro Clinico NeMO - Fondazione Serena Onlus"},"image":{"@id":"https:\/\/www.centrocliniconemo.it\/en\/#\/schema\/logo\/image\/"},"sameAs":["https:\/\/www.facebook.com\/CentroNEMOItalia","https:\/\/x.com\/CentroNemo","https:\/\/www.linkedin.com\/company\/centrocliniconemo\/","https:\/\/www.instagram.com\/centrocliniconemo\/"]},{"@type":"Person","@id":"https:\/\/www.centrocliniconemo.it\/en\/#\/schema\/person\/9331a87c0a8ee435c61f5dd498531434","name":"Luca Biondi","image":{"@type":"ImageObject","inLanguage":"en-US","@id":"https:\/\/secure.gravatar.com\/avatar\/0488b88829885ebcc9896de947265b69d2979e6dc4666b1e2c3d4fbf8dc73d77?s=96&d=mm&r=g","url":"https:\/\/secure.gravatar.com\/avatar\/0488b88829885ebcc9896de947265b69d2979e6dc4666b1e2c3d4fbf8dc73d77?s=96&d=mm&r=g","contentUrl":"https:\/\/secure.gravatar.com\/avatar\/0488b88829885ebcc9896de947265b69d2979e6dc4666b1e2c3d4fbf8dc73d77?s=96&d=mm&r=g","caption":"Luca Biondi"}}]}},"_links":{"self":[{"href":"https:\/\/www.centrocliniconemo.it\/en\/wp-json\/wp\/v2\/posts\/13068","targetHints":{"allow":["GET"]}}],"collection":[{"href":"https:\/\/www.centrocliniconemo.it\/en\/wp-json\/wp\/v2\/posts"}],"about":[{"href":"https:\/\/www.centrocliniconemo.it\/en\/wp-json\/wp\/v2\/types\/post"}],"author":[{"embeddable":true,"href":"https:\/\/www.centrocliniconemo.it\/en\/wp-json\/wp\/v2\/users\/2"}],"replies":[{"embeddable":true,"href":"https:\/\/www.centrocliniconemo.it\/en\/wp-json\/wp\/v2\/comments?post=13068"}],"version-history":[{"count":0,"href":"https:\/\/www.centrocliniconemo.it\/en\/wp-json\/wp\/v2\/posts\/13068\/revisions"}],"wp:featuredmedia":[{"embeddable":true,"href":"https:\/\/www.centrocliniconemo.it\/en\/wp-json\/wp\/v2\/media\/5983"}],"wp:attachment":[{"href":"https:\/\/www.centrocliniconemo.it\/en\/wp-json\/wp\/v2\/media?parent=13068"}],"wp:term":[{"taxonomy":"category","embeddable":true,"href":"https:\/\/www.centrocliniconemo.it\/en\/wp-json\/wp\/v2\/categories?post=13068"},{"taxonomy":"post_tag","embeddable":true,"href":"https:\/\/www.centrocliniconemo.it\/en\/wp-json\/wp\/v2\/tags?post=13068"}],"curies":[{"name":"wp","href":"https:\/\/api.w.org\/{rel}","templated":true}]}}