{"id":13042,"date":"2022-10-21T07:39:36","date_gmt":"2022-10-21T07:39:36","guid":{"rendered":"https:\/\/www.centrocliniconemo.it\/blog\/giornata-nazionale-uildm-formazione-qualita"},"modified":"2023-07-19T11:32:48","modified_gmt":"2023-07-19T11:32:48","slug":"giornata-nazionale-uildm-formazione-qualita","status":"publish","type":"post","link":"https:\/\/www.centrocliniconemo.it\/en\/blog\/giornata-nazionale-uildm-formazione-qualita\/","title":{"rendered":"Giornata Nazionale Uildm: Per Una Formazione Di Qualita&#8217;"},"content":{"rendered":"<h4 style=\"text-align: justify;\"><i>I fondi raccolti andranno a favore del progetto \u201cE.RE. \u2013 Esistenze Resilienti\u201d.&nbsp;Il 20 e il 21 ottobre le dirette Instagram con il Trio Medusa, Luca Ravenna e Laura Formenti.<\/i><i><\/i><\/h4>\n<div class=\"hs-embed-wrapper\" data-service=\"youtube\" data-responsive=\"true\" style=\"position: relative; overflow: hidden; width: 100%; height: auto; padding: 0px; max-width: 560px; min-width: 256px; display: block; margin: auto;\">\n<div class=\"hs-embed-content-wrapper\">\n<div style=\"position: relative; overflow: hidden; max-width: 100%; padding-bottom: 56.25%; margin: 0px;\"><iframe width=\"560\" height=\"315\" src=\"https:\/\/www.youtube.com\/embed\/zf6LicIR8cs\" title=\"YouTube video player\" frameborder=\"0\" allow=\"accelerometer; autoplay; clipboard-write; encrypted-media; gyroscope; picture-in-picture\" allowfullscreen=\" style=\"position: absolute; top: 0px; left: 0px; width: 100%; height: 100%; border: none;\"><\/iframe><\/div>\n<\/div>\n<\/div>\n<p><!--more--><\/p>\n<p style=\"text-align: justify;\"><i>Padova, 19 ottobre 2022<\/i> \u2013 Fino al 23 ottobre continua la Giornata Nazionale UILDM, che si svolge sotto l\u2019Alto Patronato del Presidente della Repubblica.<\/p>\n<p style=\"text-align: justify;\">La Giornata Nazionale racconta l\u2019impegno di UILDM che da pi\u00f9 di 60 anni \u00e8 al fianco delle persone con disabilit\u00e0 e <strong>garantisce, attraverso le sue 66 Sezioni locali, servizi fondamentali come trasporto, assistenza e formazione per volontari, famiglie, caregiver e personale sanitario.<\/strong><span>&nbsp;<\/span><\/p>\n<p style=\"text-align: justify;\">I volontari delle 66 Sezioni UILDM in Italia stanno distribuendo il <strong>caff\u00e8 di UILDM<\/strong>, inserito in una latta da collezione illustrata dall\u2019artista <strong>Fabio Magnasciuttti<\/strong>, illustratore e vignettista noto a livello nazionale. <span> <\/span><br \/>Il caff\u00e8 di UILDM \u00e8 disponibile con <strong>un\u2019offerta minima di 10 euro<\/strong> a confezione nelle sedi delle Sezioni locali UILDM, oppure online sul sito <a href=\"https:\/\/giornatanazionale.uildm.org\/index.php\"><span><strong>giornatanazionale.uildm.org<\/strong><\/span><\/a> ed \u00e8 accompagnato da un pacchetto di krumiri.<span> <\/span><br \/>L\u2019obiettivo della Giornata \u00e8 raccogliere fondi per il progetto <strong>\u201cE.RE.\u201d \u2013 Esistenze Resilienti\u201d<\/strong> e finanziare 1.100.000 km di trasporto con mezzi attrezzati, fornire a 20.000 persone una formazione sulle malattie neuromuscolari e sostenere servizio UILDMrisponde, avviato ufficialmente luned\u00ec 17 ottobre, attraverso il quale l\u2019associazione offrir\u00e0 un migliaio di ore di consulenza sociale e\/o medica a chi si rivolge a UILDM.<\/p>\n<p style=\"text-align: justify;\"><img loading=\"lazy\" decoding=\"async\" src=\"https:\/\/www.centrocliniconemo.it\/wp-content\/uploads\/2023\/05\/thumbnail_UILDM.jpg\" alt=\"thumbnail_UILDM\" width=\"1280\" height=\"853\" loading=\"lazy\" style=\"height: auto; max-width: 100%; width: 1280px;\"><\/p>\n<p style=\"text-align: justify;\">A partire dal mese di novembre proporr\u00e0 un percorso che si svilupper\u00e0 in<strong> tre incontri di formazione in ambito sociale e legislativo<\/strong>. Il primo di questi incontri \u00e8 previsto per <strong>venerd\u00ec 25 novembre <\/strong>in occasione della<strong> Giornata internazionale per l&#8217;eliminazione della violenza contro le donne<\/strong>. Il Gruppo Donne UILDM organizzer\u00e0 un webinar sul tema della violenza contro le donne con disabilit\u00e0.<span>&nbsp;<\/span><\/p>\n<p style=\"text-align: justify;\">In ambito medico \u2013 scientifico UILDM proporr\u00e0 <strong>due webinar di aggiornamento sulle malattie neuromuscolari<\/strong> a cura della Commissione medico \u2013 scientifica UILDM, e realizzer\u00e0 di un <strong>corso ECM <\/strong>(Educazione Continua in Medicina) per l&#8217;aggiornamento dei professionisti sanitari in ambito neuromuscolare.<\/p>\n<p style=\"text-align: justify;\">\u00ab<strong>\u00c8 proprio la formazione uno dei capisaldi dell\u2019attivit\u00e0 di UILDM<\/strong>. Una formazione rivolta in primis ai volontari della nostra associazione, perch\u00e9 nel 2022 emerge sempre pi\u00f9 forte la necessit\u00e0 di una professionalizzazione del Terzo Settore, di volontari \u201cprofessionisti\u201d e professionali, persone formate e in continua formazione che mettano a disposizione le loro competenze per la costruzione di progetti e percorsi sempre pi\u00f9 efficaci\u00bb, dichiara Marco Rasconi, presidente nazionale UILDM. \u00abA questo bisogno si affianca la necessit\u00e0 di formare le famiglie, i caregiver e il personale sanitario su tutti gli aspetti di una corretta presa in carico delle persone con patologie neuromuscolari. Non parlo solo del punto di vista medico &#8211; sanitario, ma di aspetti che definisco \u201csociali\u201d \u2013 studio e lavoro, famiglia, tempo libero, autonomia personale, normativa di riferimento \u2013 che riguardano la persona con disabilit\u00e0 in rapporto al suo essere parte di una comunit\u00e0\u00bb.<\/p>\n<p style=\"text-align: justify;\"><strong>LA GIORNATA NAZIONALE IN DIRETTA<span> <\/span><br \/><\/strong>Prenderanno il via gioved\u00ec 20 ottobre le dirette Instagram sulla pagina di <a href=\"https:\/\/www.instagram.com\/uildm_nazionale\/\"><span>@uildm_nazionale<\/span><\/a><span> <\/span>con i testimonial che hanno scelto di sostenere la Giornata Nazionale UILDM, per un racconto e uno scambio sul binomio \u201cnormalit\u00e0 \u2013 disabilit\u00e0\u201d.<span>&nbsp;<\/span><\/p>\n<p style=\"text-align: justify;\">Il primo appuntamento, <strong>gioved\u00ec 20 ottobre alle 10<\/strong>, \u00e8 con la simpatia e l\u2019ironia del <strong>Trio Medusa, Gabriele Corsi, Furio Corsetti e Giorgio Daviddi<\/strong>, che per il terzo anno consecutivo sostengono UILDM e sono i protagonisti dello spot della Giornata Nazionale insieme a Caterina, Michela e Mario. Il Trio sar\u00e0 in diretta con il presidente nazionale Marco Rasconi. <span> <\/span><br \/>Seguir\u00e0 <strong>alle 11<\/strong> la diretta con <strong>Luca Ravenna<\/strong>, comico e sceneggiatore televisivo. <span> <\/span><br \/>Nella diretta di <strong>venerd\u00ec 21 ottobre alle 18<\/strong> Marco Rasconi sar\u00e0 in compagnia di <strong>Laura Formenti<\/strong>, attrice e comica.<span>&nbsp;<\/span><\/p>\n<p style=\"text-align: justify;\"><strong>TRIO MEDUSA<\/strong><br \/>Gabriele Corsi, Furio Corsetti e Giorgio Daviddi, in arte Trio Medusa, conducono dal 2001 \u201cChiamate Roma Triuno Triuno\u201d a Radio Deejay. Sono diventati noti come inviati de \u201cLe Iene\u201d e hanno lavorato anche per \u201cQuelli che il calcio\u201d.<\/p>\n<p style=\"text-align: justify;\"><strong>LUCA RAVENNA<\/strong><br \/>Comico e autore televisivo, nel 2015 \u00e8 diventato noto per la web series \u201cNon c\u2019\u00e8 problema\u201d, da lui scritta, diretta e interpretata per Repubblica.it. Nel 2021 pubblica lo spettacolo totalmente improvvisato Luca Ravenna: \u201cImprov Special vol.1\u201d e partecipa come concorrente al game show \u201cLOL &#8211; Chi ride \u00e8 fuori\u201d. Nel 2022, lo spettacolo &#8220;568&#8221; riscontra un grande successo di pubblico facendo registrare sold out.<\/p>\n<p style=\"text-align: justify;\"><strong>LAURA FORMENTI<\/strong><br \/>Comica, attrice, formatrice, creatrice di contenuti, perfomer, ha lavorato in programmi Tv come Colorado, Stand up comedy, Natural Born Comedian o Pomeriggio 5, ma quel che pi\u00f9 preferisce da sempre \u00e8 lo spettacolo live.<\/p>\n<p style=\"font-size: 16px; text-align: justify;\"><strong><i>UILDM <\/i><\/strong><i>nasce nel 1961 con l\u2019obiettivo di promuovere l&#8217;inclusione sociale delle persone con disabilit\u00e0, attraverso l&#8217;abbattimento di ogni tipo di barriera, e sostenere la ricerca scientifica e l&#8217;informazione sulle distrofie e le altre malattie neuromuscolari. Ha una presenza capillare sul territorio grazie alle 66 Sezioni locali, i 3.000 volontari e i 10.000 soci, che sono punto di riferimento per circa 30.000 persone. UILDM svolge un importante lavoro in ambito sociale e di assistenza medico-riabilitativa ad ampio raggio, gestendo anche centri ambulatoriali di riabilitazione, prevenzione e ricerca, in stretta collaborazione con le strutture universitarie e socio-sanitarie.<\/i><\/p>\n","protected":false},"excerpt":{"rendered":"<p>I fondi raccolti andranno a favore del progetto \u201cE.RE. \u2013 Esistenze Resilienti\u201d.\u00a0Il 20 e il 21 ottobre le dirette Instagram con il Trio Medusa, Luca Ravenna e Laura Formenti.<\/p>\n","protected":false},"author":2,"featured_media":5905,"comment_status":"closed","ping_status":"closed","sticky":false,"template":"","format":"standard","meta":{"pgc_sgb_lightbox_settings":"","footnotes":""},"categories":[17],"tags":[19,22,107,18,30,24,25],"class_list":["post-13042","post","type-post","status-publish","format-standard","has-post-thumbnail","hentry","category-iniziative-ed-eventi","tag-nemo-ancona","tag-nemo-brescia","tag-nemo-genova","tag-nemo-milano","tag-nemo-napoli","tag-nemo-roma","tag-nemo-trento"],"yoast_head":"<!-- This site is optimized with the Yoast SEO plugin v27.4 - https:\/\/yoast.com\/product\/yoast-seo-wordpress\/ -->\n<title>Giornata Nazionale Uildm: Per Una Formazione Di Qualita&#039; - Centro Clinico NeMO<\/title>\n<meta name=\"robots\" content=\"index, follow, max-snippet:-1, max-image-preview:large, max-video-preview:-1\" \/>\n<link rel=\"canonical\" href=\"https:\/\/www.centrocliniconemo.it\/en\/blog\/giornata-nazionale-uildm-formazione-qualita\/\" \/>\n<meta property=\"og:locale\" content=\"en_US\" \/>\n<meta property=\"og:type\" content=\"article\" \/>\n<meta property=\"og:title\" content=\"Giornata Nazionale Uildm: Per Una Formazione Di Qualita&#039; - Centro Clinico NeMO\" \/>\n<meta property=\"og:description\" content=\"I fondi raccolti andranno a favore del progetto \u201cE.RE. \u2013 Esistenze Resilienti\u201d.\u00a0Il 20 e il 21 ottobre le dirette Instagram con il Trio Medusa, Luca Ravenna e Laura Formenti.\" \/>\n<meta property=\"og:url\" content=\"https:\/\/www.centrocliniconemo.it\/en\/blog\/giornata-nazionale-uildm-formazione-qualita\/\" \/>\n<meta property=\"og:site_name\" content=\"Centro Clinico NeMO\" \/>\n<meta property=\"article:publisher\" content=\"https:\/\/www.facebook.com\/CentroNEMOItalia\" \/>\n<meta property=\"article:published_time\" content=\"2022-10-21T07:39:36+00:00\" \/>\n<meta property=\"article:modified_time\" content=\"2023-07-19T11:32:48+00:00\" \/>\n<meta property=\"og:image\" content=\"https:\/\/www.centrocliniconemo.it\/wp-content\/uploads\/2023\/05\/thumbnail_UILDM.jpg\" \/>\n\t<meta property=\"og:image:width\" content=\"1280\" \/>\n\t<meta property=\"og:image:height\" content=\"853\" \/>\n\t<meta property=\"og:image:type\" content=\"image\/jpeg\" \/>\n<meta name=\"author\" content=\"Luca Biondi\" \/>\n<meta name=\"twitter:card\" content=\"summary_large_image\" \/>\n<meta name=\"twitter:creator\" content=\"@CentroNemo\" \/>\n<meta name=\"twitter:site\" content=\"@CentroNemo\" \/>\n<meta name=\"twitter:label1\" content=\"Written by\" \/>\n\t<meta name=\"twitter:data1\" content=\"Luca Biondi\" \/>\n<script type=\"application\/ld+json\" class=\"yoast-schema-graph\">{\"@context\":\"https:\\\/\\\/schema.org\",\"@graph\":[{\"@type\":\"Article\",\"@id\":\"https:\\\/\\\/www.centrocliniconemo.it\\\/en\\\/blog\\\/giornata-nazionale-uildm-formazione-qualita\\\/#article\",\"isPartOf\":{\"@id\":\"https:\\\/\\\/www.centrocliniconemo.it\\\/en\\\/blog\\\/giornata-nazionale-uildm-formazione-qualita\\\/\"},\"author\":{\"name\":\"Luca Biondi\",\"@id\":\"https:\\\/\\\/www.centrocliniconemo.it\\\/en\\\/#\\\/schema\\\/person\\\/9331a87c0a8ee435c61f5dd498531434\"},\"headline\":\"Giornata Nazionale Uildm: Per Una Formazione Di Qualita&#8217;\",\"datePublished\":\"2022-10-21T07:39:36+00:00\",\"dateModified\":\"2023-07-19T11:32:48+00:00\",\"mainEntityOfPage\":{\"@id\":\"https:\\\/\\\/www.centrocliniconemo.it\\\/en\\\/blog\\\/giornata-nazionale-uildm-formazione-qualita\\\/\"},\"wordCount\":37,\"publisher\":{\"@id\":\"https:\\\/\\\/www.centrocliniconemo.it\\\/en\\\/#organization\"},\"image\":{\"@id\":\"https:\\\/\\\/www.centrocliniconemo.it\\\/en\\\/blog\\\/giornata-nazionale-uildm-formazione-qualita\\\/#primaryimage\"},\"thumbnailUrl\":\"https:\\\/\\\/www.centrocliniconemo.it\\\/wp-content\\\/uploads\\\/2023\\\/05\\\/thumbnail_UILDM.jpg\",\"keywords\":[\"NeMO Ancona\",\"NeMO Brescia\",\"NeMo Genova\",\"NeMO Milano\",\"NeMO Napoli\",\"NeMO Roma\",\"NeMO Trento\"],\"articleSection\":[\"Iniziative ed eventi\"],\"inLanguage\":\"en-US\"},{\"@type\":\"WebPage\",\"@id\":\"https:\\\/\\\/www.centrocliniconemo.it\\\/en\\\/blog\\\/giornata-nazionale-uildm-formazione-qualita\\\/\",\"url\":\"https:\\\/\\\/www.centrocliniconemo.it\\\/en\\\/blog\\\/giornata-nazionale-uildm-formazione-qualita\\\/\",\"name\":\"Giornata Nazionale Uildm: Per Una Formazione Di Qualita' - Centro Clinico NeMO\",\"isPartOf\":{\"@id\":\"https:\\\/\\\/www.centrocliniconemo.it\\\/en\\\/#website\"},\"primaryImageOfPage\":{\"@id\":\"https:\\\/\\\/www.centrocliniconemo.it\\\/en\\\/blog\\\/giornata-nazionale-uildm-formazione-qualita\\\/#primaryimage\"},\"image\":{\"@id\":\"https:\\\/\\\/www.centrocliniconemo.it\\\/en\\\/blog\\\/giornata-nazionale-uildm-formazione-qualita\\\/#primaryimage\"},\"thumbnailUrl\":\"https:\\\/\\\/www.centrocliniconemo.it\\\/wp-content\\\/uploads\\\/2023\\\/05\\\/thumbnail_UILDM.jpg\",\"datePublished\":\"2022-10-21T07:39:36+00:00\",\"dateModified\":\"2023-07-19T11:32:48+00:00\",\"breadcrumb\":{\"@id\":\"https:\\\/\\\/www.centrocliniconemo.it\\\/en\\\/blog\\\/giornata-nazionale-uildm-formazione-qualita\\\/#breadcrumb\"},\"inLanguage\":\"en-US\",\"potentialAction\":[{\"@type\":\"ReadAction\",\"target\":[\"https:\\\/\\\/www.centrocliniconemo.it\\\/en\\\/blog\\\/giornata-nazionale-uildm-formazione-qualita\\\/\"]}]},{\"@type\":\"ImageObject\",\"inLanguage\":\"en-US\",\"@id\":\"https:\\\/\\\/www.centrocliniconemo.it\\\/en\\\/blog\\\/giornata-nazionale-uildm-formazione-qualita\\\/#primaryimage\",\"url\":\"https:\\\/\\\/www.centrocliniconemo.it\\\/wp-content\\\/uploads\\\/2023\\\/05\\\/thumbnail_UILDM.jpg\",\"contentUrl\":\"https:\\\/\\\/www.centrocliniconemo.it\\\/wp-content\\\/uploads\\\/2023\\\/05\\\/thumbnail_UILDM.jpg\",\"width\":1280,\"height\":853},{\"@type\":\"BreadcrumbList\",\"@id\":\"https:\\\/\\\/www.centrocliniconemo.it\\\/en\\\/blog\\\/giornata-nazionale-uildm-formazione-qualita\\\/#breadcrumb\",\"itemListElement\":[{\"@type\":\"ListItem\",\"position\":1,\"name\":\"Home\",\"item\":\"https:\\\/\\\/www.centrocliniconemo.it\\\/en\\\/\"},{\"@type\":\"ListItem\",\"position\":2,\"name\":\"Giornata Nazionale Uildm: Per Una Formazione Di Qualita&#8217;\"}]},{\"@type\":\"WebSite\",\"@id\":\"https:\\\/\\\/www.centrocliniconemo.it\\\/en\\\/#website\",\"url\":\"https:\\\/\\\/www.centrocliniconemo.it\\\/en\\\/\",\"name\":\"Centro Clinico NeMO\",\"description\":\"Il paziente al centro\",\"publisher\":{\"@id\":\"https:\\\/\\\/www.centrocliniconemo.it\\\/en\\\/#organization\"},\"potentialAction\":[{\"@type\":\"SearchAction\",\"target\":{\"@type\":\"EntryPoint\",\"urlTemplate\":\"https:\\\/\\\/www.centrocliniconemo.it\\\/en\\\/?s={search_term_string}\"},\"query-input\":{\"@type\":\"PropertyValueSpecification\",\"valueRequired\":true,\"valueName\":\"search_term_string\"}}],\"inLanguage\":\"en-US\"},{\"@type\":\"Organization\",\"@id\":\"https:\\\/\\\/www.centrocliniconemo.it\\\/en\\\/#organization\",\"name\":\"Centro Clinico NeMO - Fondazione Serena Onlus\",\"url\":\"https:\\\/\\\/www.centrocliniconemo.it\\\/en\\\/\",\"logo\":{\"@type\":\"ImageObject\",\"inLanguage\":\"en-US\",\"@id\":\"https:\\\/\\\/www.centrocliniconemo.it\\\/en\\\/#\\\/schema\\\/logo\\\/image\\\/\",\"url\":\"https:\\\/\\\/www.centrocliniconemo.it\\\/wp-content\\\/uploads\\\/2023\\\/03\\\/logo-nemo.svg\",\"contentUrl\":\"https:\\\/\\\/www.centrocliniconemo.it\\\/wp-content\\\/uploads\\\/2023\\\/03\\\/logo-nemo.svg\",\"width\":272,\"height\":109.142,\"caption\":\"Centro Clinico NeMO - Fondazione Serena Onlus\"},\"image\":{\"@id\":\"https:\\\/\\\/www.centrocliniconemo.it\\\/en\\\/#\\\/schema\\\/logo\\\/image\\\/\"},\"sameAs\":[\"https:\\\/\\\/www.facebook.com\\\/CentroNEMOItalia\",\"https:\\\/\\\/x.com\\\/CentroNemo\",\"https:\\\/\\\/www.linkedin.com\\\/company\\\/centrocliniconemo\\\/\",\"https:\\\/\\\/www.instagram.com\\\/centrocliniconemo\\\/\"]},{\"@type\":\"Person\",\"@id\":\"https:\\\/\\\/www.centrocliniconemo.it\\\/en\\\/#\\\/schema\\\/person\\\/9331a87c0a8ee435c61f5dd498531434\",\"name\":\"Luca Biondi\",\"image\":{\"@type\":\"ImageObject\",\"inLanguage\":\"en-US\",\"@id\":\"https:\\\/\\\/secure.gravatar.com\\\/avatar\\\/0488b88829885ebcc9896de947265b69d2979e6dc4666b1e2c3d4fbf8dc73d77?s=96&d=mm&r=g\",\"url\":\"https:\\\/\\\/secure.gravatar.com\\\/avatar\\\/0488b88829885ebcc9896de947265b69d2979e6dc4666b1e2c3d4fbf8dc73d77?s=96&d=mm&r=g\",\"contentUrl\":\"https:\\\/\\\/secure.gravatar.com\\\/avatar\\\/0488b88829885ebcc9896de947265b69d2979e6dc4666b1e2c3d4fbf8dc73d77?s=96&d=mm&r=g\",\"caption\":\"Luca Biondi\"}}]}<\/script>\n<!-- \/ Yoast SEO plugin. -->","yoast_head_json":{"title":"Giornata Nazionale Uildm: Per Una Formazione Di Qualita' - Centro Clinico NeMO","robots":{"index":"index","follow":"follow","max-snippet":"max-snippet:-1","max-image-preview":"max-image-preview:large","max-video-preview":"max-video-preview:-1"},"canonical":"https:\/\/www.centrocliniconemo.it\/en\/blog\/giornata-nazionale-uildm-formazione-qualita\/","og_locale":"en_US","og_type":"article","og_title":"Giornata Nazionale Uildm: Per Una Formazione Di Qualita' - Centro Clinico NeMO","og_description":"I fondi raccolti andranno a favore del progetto \u201cE.RE. \u2013 Esistenze Resilienti\u201d.\u00a0Il 20 e il 21 ottobre le dirette Instagram con il Trio Medusa, Luca Ravenna e Laura Formenti.","og_url":"https:\/\/www.centrocliniconemo.it\/en\/blog\/giornata-nazionale-uildm-formazione-qualita\/","og_site_name":"Centro Clinico NeMO","article_publisher":"https:\/\/www.facebook.com\/CentroNEMOItalia","article_published_time":"2022-10-21T07:39:36+00:00","article_modified_time":"2023-07-19T11:32:48+00:00","og_image":[{"width":1280,"height":853,"url":"https:\/\/www.centrocliniconemo.it\/wp-content\/uploads\/2023\/05\/thumbnail_UILDM.jpg","type":"image\/jpeg"}],"author":"Luca Biondi","twitter_card":"summary_large_image","twitter_creator":"@CentroNemo","twitter_site":"@CentroNemo","twitter_misc":{"Written by":"Luca Biondi"},"schema":{"@context":"https:\/\/schema.org","@graph":[{"@type":"Article","@id":"https:\/\/www.centrocliniconemo.it\/en\/blog\/giornata-nazionale-uildm-formazione-qualita\/#article","isPartOf":{"@id":"https:\/\/www.centrocliniconemo.it\/en\/blog\/giornata-nazionale-uildm-formazione-qualita\/"},"author":{"name":"Luca Biondi","@id":"https:\/\/www.centrocliniconemo.it\/en\/#\/schema\/person\/9331a87c0a8ee435c61f5dd498531434"},"headline":"Giornata Nazionale Uildm: Per Una Formazione Di Qualita&#8217;","datePublished":"2022-10-21T07:39:36+00:00","dateModified":"2023-07-19T11:32:48+00:00","mainEntityOfPage":{"@id":"https:\/\/www.centrocliniconemo.it\/en\/blog\/giornata-nazionale-uildm-formazione-qualita\/"},"wordCount":37,"publisher":{"@id":"https:\/\/www.centrocliniconemo.it\/en\/#organization"},"image":{"@id":"https:\/\/www.centrocliniconemo.it\/en\/blog\/giornata-nazionale-uildm-formazione-qualita\/#primaryimage"},"thumbnailUrl":"https:\/\/www.centrocliniconemo.it\/wp-content\/uploads\/2023\/05\/thumbnail_UILDM.jpg","keywords":["NeMO Ancona","NeMO Brescia","NeMo Genova","NeMO Milano","NeMO Napoli","NeMO Roma","NeMO Trento"],"articleSection":["Iniziative ed eventi"],"inLanguage":"en-US"},{"@type":"WebPage","@id":"https:\/\/www.centrocliniconemo.it\/en\/blog\/giornata-nazionale-uildm-formazione-qualita\/","url":"https:\/\/www.centrocliniconemo.it\/en\/blog\/giornata-nazionale-uildm-formazione-qualita\/","name":"Giornata Nazionale Uildm: Per Una Formazione Di Qualita' - Centro Clinico NeMO","isPartOf":{"@id":"https:\/\/www.centrocliniconemo.it\/en\/#website"},"primaryImageOfPage":{"@id":"https:\/\/www.centrocliniconemo.it\/en\/blog\/giornata-nazionale-uildm-formazione-qualita\/#primaryimage"},"image":{"@id":"https:\/\/www.centrocliniconemo.it\/en\/blog\/giornata-nazionale-uildm-formazione-qualita\/#primaryimage"},"thumbnailUrl":"https:\/\/www.centrocliniconemo.it\/wp-content\/uploads\/2023\/05\/thumbnail_UILDM.jpg","datePublished":"2022-10-21T07:39:36+00:00","dateModified":"2023-07-19T11:32:48+00:00","breadcrumb":{"@id":"https:\/\/www.centrocliniconemo.it\/en\/blog\/giornata-nazionale-uildm-formazione-qualita\/#breadcrumb"},"inLanguage":"en-US","potentialAction":[{"@type":"ReadAction","target":["https:\/\/www.centrocliniconemo.it\/en\/blog\/giornata-nazionale-uildm-formazione-qualita\/"]}]},{"@type":"ImageObject","inLanguage":"en-US","@id":"https:\/\/www.centrocliniconemo.it\/en\/blog\/giornata-nazionale-uildm-formazione-qualita\/#primaryimage","url":"https:\/\/www.centrocliniconemo.it\/wp-content\/uploads\/2023\/05\/thumbnail_UILDM.jpg","contentUrl":"https:\/\/www.centrocliniconemo.it\/wp-content\/uploads\/2023\/05\/thumbnail_UILDM.jpg","width":1280,"height":853},{"@type":"BreadcrumbList","@id":"https:\/\/www.centrocliniconemo.it\/en\/blog\/giornata-nazionale-uildm-formazione-qualita\/#breadcrumb","itemListElement":[{"@type":"ListItem","position":1,"name":"Home","item":"https:\/\/www.centrocliniconemo.it\/en\/"},{"@type":"ListItem","position":2,"name":"Giornata Nazionale Uildm: Per Una Formazione Di Qualita&#8217;"}]},{"@type":"WebSite","@id":"https:\/\/www.centrocliniconemo.it\/en\/#website","url":"https:\/\/www.centrocliniconemo.it\/en\/","name":"Centro Clinico NeMO","description":"Il paziente al centro","publisher":{"@id":"https:\/\/www.centrocliniconemo.it\/en\/#organization"},"potentialAction":[{"@type":"SearchAction","target":{"@type":"EntryPoint","urlTemplate":"https:\/\/www.centrocliniconemo.it\/en\/?s={search_term_string}"},"query-input":{"@type":"PropertyValueSpecification","valueRequired":true,"valueName":"search_term_string"}}],"inLanguage":"en-US"},{"@type":"Organization","@id":"https:\/\/www.centrocliniconemo.it\/en\/#organization","name":"Centro Clinico NeMO - Fondazione Serena Onlus","url":"https:\/\/www.centrocliniconemo.it\/en\/","logo":{"@type":"ImageObject","inLanguage":"en-US","@id":"https:\/\/www.centrocliniconemo.it\/en\/#\/schema\/logo\/image\/","url":"https:\/\/www.centrocliniconemo.it\/wp-content\/uploads\/2023\/03\/logo-nemo.svg","contentUrl":"https:\/\/www.centrocliniconemo.it\/wp-content\/uploads\/2023\/03\/logo-nemo.svg","width":272,"height":109.142,"caption":"Centro Clinico NeMO - Fondazione Serena Onlus"},"image":{"@id":"https:\/\/www.centrocliniconemo.it\/en\/#\/schema\/logo\/image\/"},"sameAs":["https:\/\/www.facebook.com\/CentroNEMOItalia","https:\/\/x.com\/CentroNemo","https:\/\/www.linkedin.com\/company\/centrocliniconemo\/","https:\/\/www.instagram.com\/centrocliniconemo\/"]},{"@type":"Person","@id":"https:\/\/www.centrocliniconemo.it\/en\/#\/schema\/person\/9331a87c0a8ee435c61f5dd498531434","name":"Luca Biondi","image":{"@type":"ImageObject","inLanguage":"en-US","@id":"https:\/\/secure.gravatar.com\/avatar\/0488b88829885ebcc9896de947265b69d2979e6dc4666b1e2c3d4fbf8dc73d77?s=96&d=mm&r=g","url":"https:\/\/secure.gravatar.com\/avatar\/0488b88829885ebcc9896de947265b69d2979e6dc4666b1e2c3d4fbf8dc73d77?s=96&d=mm&r=g","contentUrl":"https:\/\/secure.gravatar.com\/avatar\/0488b88829885ebcc9896de947265b69d2979e6dc4666b1e2c3d4fbf8dc73d77?s=96&d=mm&r=g","caption":"Luca Biondi"}}]}},"_links":{"self":[{"href":"https:\/\/www.centrocliniconemo.it\/en\/wp-json\/wp\/v2\/posts\/13042","targetHints":{"allow":["GET"]}}],"collection":[{"href":"https:\/\/www.centrocliniconemo.it\/en\/wp-json\/wp\/v2\/posts"}],"about":[{"href":"https:\/\/www.centrocliniconemo.it\/en\/wp-json\/wp\/v2\/types\/post"}],"author":[{"embeddable":true,"href":"https:\/\/www.centrocliniconemo.it\/en\/wp-json\/wp\/v2\/users\/2"}],"replies":[{"embeddable":true,"href":"https:\/\/www.centrocliniconemo.it\/en\/wp-json\/wp\/v2\/comments?post=13042"}],"version-history":[{"count":0,"href":"https:\/\/www.centrocliniconemo.it\/en\/wp-json\/wp\/v2\/posts\/13042\/revisions"}],"wp:featuredmedia":[{"embeddable":true,"href":"https:\/\/www.centrocliniconemo.it\/en\/wp-json\/wp\/v2\/media\/5905"}],"wp:attachment":[{"href":"https:\/\/www.centrocliniconemo.it\/en\/wp-json\/wp\/v2\/media?parent=13042"}],"wp:term":[{"taxonomy":"category","embeddable":true,"href":"https:\/\/www.centrocliniconemo.it\/en\/wp-json\/wp\/v2\/categories?post=13042"},{"taxonomy":"post_tag","embeddable":true,"href":"https:\/\/www.centrocliniconemo.it\/en\/wp-json\/wp\/v2\/tags?post=13042"}],"curies":[{"name":"wp","href":"https:\/\/api.w.org\/{rel}","templated":true}]}}